{"id":4332,"date":"2020-03-06T17:00:46","date_gmt":"2020-03-06T17:00:46","guid":{"rendered":"https:\/\/www.emilioangles.com\/?p=4332"},"modified":"2021-08-15T18:07:49","modified_gmt":"2021-08-15T18:07:49","slug":"af2020-el-gemelo-digital-del-pedido-al-servicio","status":"publish","type":"post","link":"https:\/\/www.emilioangles.com\/?p=4332","title":{"rendered":"AF2020: El gemelo digital. Del pedido al servicio."},"content":{"rendered":"<div class=\"fusion-fullwidth fullwidth-box fusion-builder-row-1 fusion-flex-container nonhundred-percent-fullwidth non-hundred-percent-height-scrolling\" style=\"background-color: rgba(255,255,255,0);background-position: center center;background-repeat: no-repeat;border-width: 0px 0px 0px 0px;border-color:rgba(0,0,0,0.08);border-style:solid;\" ><div class=\"fusion-builder-row fusion-row fusion-flex-align-items-flex-start\" style=\"max-width:1372.8px;margin-left: calc(-4% \/ 2 );margin-right: calc(-4% \/ 2 );\"><div class=\"fusion-layout-column fusion_builder_column fusion-builder-column-0 fusion_builder_column_1_1 1_1 fusion-flex-column\"><div class=\"fusion-column-wrapper fusion-flex-justify-content-flex-start fusion-content-layout-column\" style=\"background-position:left top;background-repeat:no-repeat;-webkit-background-size:cover;-moz-background-size:cover;-o-background-size:cover;background-size:cover;padding: 0px 0px 0px 0px;\"><div ><span class=\" fusion-imageframe imageframe-none imageframe-1 hover-type-none\" style=\"border-radius:8px;\"><img decoding=\"async\" width=\"1024\" height=\"684\" title=\"Advanced_Factories_Emilio_Angles\" src=\"https:\/\/www.emilioangles.com\/wp-content\/uploads\/2021\/08\/49780771001_1cf1f35a82_k.jpg\" data-orig-src=\"https:\/\/www.emilioangles.com\/wp-content\/uploads\/2021\/08\/49780771001_1cf1f35a82_k-1024x684.jpg\" class=\"lazyload img-responsive wp-image-4333\" srcset=\"data:image\/svg+xml,%3Csvg%20xmlns%3D%27http%3A%2F%2Fwww.w3.org%2F2000%2Fsvg%27%20width%3D%272048%27%20height%3D%271367%27%20viewBox%3D%270%200%202048%201367%27%3E%3Crect%20width%3D%272048%27%20height%3D%2731367%27%20fill-opacity%3D%220%22%2F%3E%3C%2Fsvg%3E\" data-srcset=\"https:\/\/www.emilioangles.com\/wp-content\/uploads\/2021\/08\/49780771001_1cf1f35a82_k-200x133.jpg 200w, https:\/\/www.emilioangles.com\/wp-content\/uploads\/2021\/08\/49780771001_1cf1f35a82_k-400x267.jpg 400w, https:\/\/www.emilioangles.com\/wp-content\/uploads\/2021\/08\/49780771001_1cf1f35a82_k-600x400.jpg 600w, https:\/\/www.emilioangles.com\/wp-content\/uploads\/2021\/08\/49780771001_1cf1f35a82_k-800x534.jpg 800w, https:\/\/www.emilioangles.com\/wp-content\/uploads\/2021\/08\/49780771001_1cf1f35a82_k-1200x801.jpg 1200w\" data-sizes=\"auto\" data-orig-sizes=\"(max-width: 640px) 100vw, 1024px\" \/><\/span><\/div><div class=\"fusion-sharing-box fusion-sharing-box-1\" style=\"background-color:#f4f4f6;margin-top:60px;\" data-title=\"AF2020: El gemelo digital. Del pedido al servicio.\" data-description=\"En la edici\u00f3n de Advanced Factories del 2020 tuve la suerte de participar en una ponencia compartida junto a Toni Laserna uno de los mayores y m\u00e1s reconocidos expertos en transformaci\u00f3n digital, a nivel espa\u00f1ol. En esta ponencia compartida hablamos junto a Toni del Gemelo Digital, Toni aport\u00f3 su visi\u00f3n m\u00e1s acad\u00e9mica y\" data-link=\"https:\/\/www.emilioangles.com\/?p=4332\"><h4 class=\"tagline\" style=\"color:#000000;\">Comparte esta historia. Elige tu plataforma!!!<\/h4><div class=\"fusion-social-networks sharingbox-shortcode-icon-wrapper sharingbox-shortcode-icon-wrapper-1\"><span><a href=\"https:\/\/twitter.com\/share?text=AF2020%3A%20El%20gemelo%20digital.%20Del%20pedido%20al%20servicio.&amp;url=https%3A%2F%2Fwww.emilioangles.com%2F%3Fp%3D4332\" target=\"_blank\" rel=\"noopener noreferrer\" title=\"Twitter\" aria-label=\"Twitter\" data-placement=\"top\" data-toggle=\"tooltip\" data-title=\"Twitter\"><i class=\"fusion-social-network-icon fusion-tooltip fusion-twitter fusion-icon-twitter\" style=\"color:#000000;\" aria-hidden=\"true\"><\/i><\/a><\/span><span><a href=\"https:\/\/www.linkedin.com\/shareArticle?mini=true&amp;url=https%3A%2F%2Fwww.emilioangles.com%2F%3Fp%3D4332&amp;title=AF2020%3A%20El%20gemelo%20digital.%20Del%20pedido%20al%20servicio.&amp;summary=En%20la%20edici%C3%B3n%20de%20Advanced%20Factories%20del%202020%20tuve%20la%20suerte%20de%20participar%20en%20una%20ponencia%20compartida%20junto%20a%20Toni%20Laserna%20uno%20de%20los%20mayores%20y%20m%C3%A1s%20reconocidos%20expertos%20en%20transformaci%C3%B3n%20digital%2C%20a%20nivel%20espa%C3%B1ol.%20En%20esta%20ponencia%20compartida%20hablamos%20junto%20a%20Toni%20del%20Gemelo%20Digital%2C%20Toni%20aport%C3%B3%20su%20visi%C3%B3n%20m%C3%A1s%20acad%C3%A9mica%20y\" target=\"_blank\" rel=\"noopener noreferrer\" title=\"LinkedIn\" aria-label=\"LinkedIn\" data-placement=\"top\" data-toggle=\"tooltip\" data-title=\"LinkedIn\"><i class=\"fusion-social-network-icon fusion-tooltip fusion-linkedin fusion-icon-linkedin\" style=\"color:#000000;\" aria-hidden=\"true\"><\/i><\/a><\/span><span><a href=\"https:\/\/api.whatsapp.com\/send?text=https%3A%2F%2Fwww.emilioangles.com%2F%3Fp%3D4332\" target=\"_blank\" rel=\"noopener noreferrer\" title=\"WhatsApp\" aria-label=\"WhatsApp\" data-placement=\"top\" data-toggle=\"tooltip\" data-title=\"WhatsApp\"><i class=\"fusion-social-network-icon fusion-tooltip fusion-whatsapp fusion-icon-whatsapp\" style=\"color:#000000;\" aria-hidden=\"true\"><\/i><\/a><\/span><span><a href=\"mailto:?subject=AF2020%3A%20El%20gemelo%20digital.%20Del%20pedido%20al%20servicio.&amp;body=https%3A%2F%2Fwww.emilioangles.com%2F%3Fp%3D4332\" target=\"_self\" title=\"Correo electr\u00f3nico\" aria-label=\"Correo electr\u00f3nico\" data-placement=\"top\" data-toggle=\"tooltip\" data-title=\"Correo electr\u00f3nico\"><i class=\"fusion-social-network-icon fusion-tooltip fusion-mail fusion-icon-mail\" style=\"color:#000000;\" aria-hidden=\"true\"><\/i><\/a><\/span><\/div><\/div><style type=\"text\/css\">.fusion-sharing-box-1 h4{margin-bottom:0 !important;}.fusion-sharing-box-1{flex-direction:row !important;border-color:#cccccc !important;}.sharingbox-shortcode-icon-wrapper-1 span.sharingbox-shortcode-icon-separator{border-color:#cccccc !important;border-right-width:0px !important;}@media only screen and (max-width:1024px){.fusion-sharing-box-1 h4{margin-right:0.5em !important;margin-bottom:0 !important;}.sharingbox-shortcode-icon-wrapper-1{width:auto !important;justify-content:flex-end !important;}.fusion-sharing-box-1{align-items:center !important;} }@media only screen and (max-width:640px){.fusion-sharing-box-1{flex-direction: column !important;align-items:center !important;}.fusion-sharing-box-1 h4{margin-bottom:revert !important;}.sharingbox-shortcode-icon-wrapper-1{width:100% !important;justify-content:space-between !important;} }<\/style><div class=\"fusion-text fusion-text-1\" style=\"transform:translate3d(0,0,0);\"><p>En la edici\u00f3n de Advanced Factories del 2020 tuve la suerte de participar en una ponencia compartida junto a Toni Laserna uno de los mayores y m\u00e1s reconocidos expertos en <a href=\"https:\/\/www.emilioangles.com\/?p=4016\">transformaci\u00f3n digital,<\/a> a nivel espa\u00f1ol. En esta ponencia compartida hablamos junto a Toni del Gemelo Digital, Toni aport\u00f3 su visi\u00f3n m\u00e1s acad\u00e9mica y te\u00f3rica de esta tecnolog\u00eda habilitadora de la Industria 4.0 y yo aport\u00e9 el conocimiento desde mi experiencia que hace ya casi 10 a\u00f1os hemos desarrollado en la fabrica de Kellogg&#8217;s Manufacturing en Valls, (Tarragona), sobretodo el uso de los Gemelos Digitales para dar soporte a los distintos proyectos de mejora continua que se est\u00e1n desplegando en la planta.<\/p>\n<\/div><\/div><\/div><style type=\"text\/css\">.fusion-body .fusion-builder-column-0{width:100% !important;margin-top : 20px;margin-bottom : 20px;}.fusion-builder-column-0 > .fusion-column-wrapper {padding-top : 0px !important;padding-right : 0px !important;margin-right : 1.92%;padding-bottom : 0px !important;padding-left : 0px !important;margin-left : 1.92%;}@media only screen and (max-width:1024px) {.fusion-body .fusion-builder-column-0{width:100% !important;order : 0;}.fusion-builder-column-0 > .fusion-column-wrapper {margin-right : 1.92%;margin-left : 1.92%;}}@media only screen and (max-width:640px) {.fusion-body .fusion-builder-column-0{width:100% !important;order : 0;}.fusion-builder-column-0 > .fusion-column-wrapper {margin-right : 1.92%;margin-left : 1.92%;}}<\/style><\/div><style type=\"text\/css\">.fusion-body .fusion-flex-container.fusion-builder-row-1{ padding-top : 0px;margin-top : 0px;padding-right : 0px;padding-bottom : 0px;margin-bottom : 0px;padding-left : 0px;}<\/style><\/div>\n","protected":false},"excerpt":{"rendered":"","protected":false},"author":1,"featured_media":4335,"comment_status":"open","ping_status":"open","sticky":false,"template":"","format":"standard","meta":{"om_disable_all_campaigns":false,"_monsterinsights_skip_tracking":false,"_monsterinsights_sitenote_active":false,"_monsterinsights_sitenote_note":"","_monsterinsights_sitenote_category":0,"footnotes":""},"categories":[93],"tags":[69,5],"aioseo_notices":[],"_links":{"self":[{"href":"https:\/\/www.emilioangles.com\/index.php?rest_route=\/wp\/v2\/posts\/4332"}],"collection":[{"href":"https:\/\/www.emilioangles.com\/index.php?rest_route=\/wp\/v2\/posts"}],"about":[{"href":"https:\/\/www.emilioangles.com\/index.php?rest_route=\/wp\/v2\/types\/post"}],"author":[{"embeddable":true,"href":"https:\/\/www.emilioangles.com\/index.php?rest_route=\/wp\/v2\/users\/1"}],"replies":[{"embeddable":true,"href":"https:\/\/www.emilioangles.com\/index.php?rest_route=%2Fwp%2Fv2%2Fcomments&post=4332"}],"version-history":[{"count":1,"href":"https:\/\/www.emilioangles.com\/index.php?rest_route=\/wp\/v2\/posts\/4332\/revisions"}],"predecessor-version":[{"id":4337,"href":"https:\/\/www.emilioangles.com\/index.php?rest_route=\/wp\/v2\/posts\/4332\/revisions\/4337"}],"wp:featuredmedia":[{"embeddable":true,"href":"https:\/\/www.emilioangles.com\/index.php?rest_route=\/wp\/v2\/media\/4335"}],"wp:attachment":[{"href":"https:\/\/www.emilioangles.com\/index.php?rest_route=%2Fwp%2Fv2%2Fmedia&parent=4332"}],"wp:term":[{"taxonomy":"category","embeddable":true,"href":"https:\/\/www.emilioangles.com\/index.php?rest_route=%2Fwp%2Fv2%2Fcategories&post=4332"},{"taxonomy":"post_tag","embeddable":true,"href":"https:\/\/www.emilioangles.com\/index.php?rest_route=%2Fwp%2Fv2%2Ftags&post=4332"}],"curies":[{"name":"wp","href":"https:\/\/api.w.org\/{rel}","templated":true}]}}