{"id":4629,"date":"2022-05-16T17:00:27","date_gmt":"2022-05-16T17:00:27","guid":{"rendered":"https:\/\/www.emilioangles.com\/?p=4629"},"modified":"2022-08-15T17:39:57","modified_gmt":"2022-08-15T17:39:57","slug":"les-empreses-i-la-fp-a-larea-de-la-cambra-de-valls","status":"publish","type":"post","link":"https:\/\/www.emilioangles.com\/?p=4629","title":{"rendered":"\u201cLes empreses i la FP a l\u2019\u00e0rea de la Cambra de Valls\u201d"},"content":{"rendered":"<div class=\"fusion-fullwidth fullwidth-box fusion-builder-row-1 fusion-flex-container nonhundred-percent-fullwidth non-hundred-percent-height-scrolling\" style=\"background-color: rgba(255,255,255,0);background-position: center center;background-repeat: no-repeat;border-width: 0px 0px 0px 0px;border-color:rgba(0,0,0,0.08);border-style:solid;\" ><div class=\"fusion-builder-row fusion-row fusion-flex-align-items-flex-start\" style=\"max-width:1372.8px;margin-left: calc(-4% \/ 2 );margin-right: calc(-4% \/ 2 );\"><div class=\"fusion-layout-column fusion_builder_column fusion-builder-column-0 fusion_builder_column_1_1 1_1 fusion-flex-column\"><div class=\"fusion-column-wrapper fusion-flex-justify-content-flex-start fusion-content-layout-column\" style=\"background-position:left top;background-repeat:no-repeat;-webkit-background-size:cover;-moz-background-size:cover;-o-background-size:cover;background-size:cover;padding: 0px 0px 0px 0px;\"><div ><span class=\" fusion-imageframe imageframe-none imageframe-1 hover-type-none\" style=\"border-radius:8px;\"><img decoding=\"async\" width=\"1024\" height=\"775\" title=\"Cambra-Emilio Angles\" src=\"https:\/\/www.emilioangles.com\/wp-content\/uploads\/2022\/08\/Post1.jpg\" data-orig-src=\"https:\/\/www.emilioangles.com\/wp-content\/uploads\/2022\/08\/Post1-1024x775.jpg\" class=\"lazyload img-responsive wp-image-4630\" srcset=\"data:image\/svg+xml,%3Csvg%20xmlns%3D%27http%3A%2F%2Fwww.w3.org%2F2000%2Fsvg%27%20width%3D%271958%27%20height%3D%271481%27%20viewBox%3D%270%200%201958%201481%27%3E%3Crect%20width%3D%271958%27%20height%3D%2731481%27%20fill-opacity%3D%220%22%2F%3E%3C%2Fsvg%3E\" data-srcset=\"https:\/\/www.emilioangles.com\/wp-content\/uploads\/2022\/08\/Post1-200x151.jpg 200w, https:\/\/www.emilioangles.com\/wp-content\/uploads\/2022\/08\/Post1-400x303.jpg 400w, https:\/\/www.emilioangles.com\/wp-content\/uploads\/2022\/08\/Post1-600x454.jpg 600w, https:\/\/www.emilioangles.com\/wp-content\/uploads\/2022\/08\/Post1-800x605.jpg 800w, https:\/\/www.emilioangles.com\/wp-content\/uploads\/2022\/08\/Post1-1200x908.jpg 1200w\" data-sizes=\"auto\" data-orig-sizes=\"(max-width: 640px) 100vw, 1024px\" \/><\/span><\/div><div class=\"fusion-content-boxes content-boxes columns row fusion-columns-1 fusion-columns-total-1 fusion-content-boxes-1 content-boxes-icon-with-title content-left\" data-animationOffset=\"100%\" style=\"margin-top:16px;margin-bottom:16px;\"><style type=\"text\/css\">.fusion-content-boxes-1 .heading .content-box-heading {color:#000000;}\n\t\t\t\t\t.fusion-content-boxes-1 .fusion-content-box-hover .link-area-link-icon-hover .heading .content-box-heading,\n\t\t\t\t\t.fusion-content-boxes-1 .fusion-content-box-hover .link-area-link-icon-hover .heading .heading-link .content-box-heading,\n\t\t\t\t\t.fusion-content-boxes-1 .fusion-content-box-hover .link-area-box-hover .heading .content-box-heading,\n\t\t\t\t\t.fusion-content-boxes-1 .fusion-content-box-hover .link-area-box-hover .heading .heading-link .content-box-heading,\n\t\t\t\t\t.fusion-content-boxes-1 .fusion-content-box-hover .link-area-link-icon-hover.link-area-box .fusion-read-more,\n\t\t\t\t\t.fusion-content-boxes-1 .fusion-content-box-hover .link-area-link-icon-hover.link-area-box .fusion-read-more::after,\n\t\t\t\t\t.fusion-content-boxes-1 .fusion-content-box-hover .link-area-link-icon-hover.link-area-box .fusion-read-more::before,\n\t\t\t\t\t.fusion-content-boxes-1 .fusion-content-box-hover .fusion-read-more:hover:after,\n\t\t\t\t\t.fusion-content-boxes-1 .fusion-content-box-hover .fusion-read-more:hover:before,\n\t\t\t\t\t.fusion-content-boxes-1 .fusion-content-box-hover .fusion-read-more:hover,\n\t\t\t\t\t.fusion-content-boxes-1 .fusion-content-box-hover .link-area-box-hover.link-area-box .fusion-read-more,\n\t\t\t\t\t.fusion-content-boxes-1 .fusion-content-box-hover .link-area-box-hover.link-area-box .fusion-read-more::after,\n\t\t\t\t\t.fusion-content-boxes-1 .fusion-content-box-hover .link-area-box-hover.link-area-box .fusion-read-more::before,\n\t\t\t\t\t.fusion-content-boxes-1 .fusion-content-box-hover .link-area-link-icon-hover .icon .circle-no,\n\t\t\t\t\t.fusion-content-boxes-1 .heading .heading-link:hover .content-box-heading {\n\t\t\t\t\t\tcolor: #f86011;\n\t\t\t\t\t}\n\t\t\t\t\t.fusion-content-boxes-1 .fusion-content-box-hover .link-area-box-hover .icon .circle-no {\n\t\t\t\t\t\tcolor: #f86011 !important;\n\t\t\t\t\t}.fusion-content-boxes-1 .fusion-content-box-hover .link-area-box.link-area-box-hover .fusion-content-box-button {background: #e9570b;color: #ffffff;}.fusion-content-boxes-1 .fusion-content-box-hover .link-area-box.link-area-box-hover .fusion-content-box-button .fusion-button-text {color: #ffffff;}\n\t\t\t\t\t.fusion-content-boxes-1 .fusion-content-box-hover .link-area-link-icon-hover .heading .icon > span {\n\t\t\t\t\t\tbackground-color: #f86011 !important;\n\t\t\t\t\t}\n\t\t\t\t\t.fusion-content-boxes-1 .fusion-content-box-hover .link-area-box-hover .heading .icon > span {\n\t\t\t\t\t\tborder-color: #f86011 !important;\n\t\t\t\t\t}<\/style><div class=\"fusion-column content-box-column content-box-column content-box-column-1 col-lg-12 col-md-12 col-sm-12 fusion-content-box-hover content-box-column-last content-box-column-last-in-row\"><div class=\"col content-box-wrapper content-wrapper link-area-link-icon content-icon-wrapper-yes icon-hover-animation-fade\" style=\"background-color:rgba(255,255,255,0);\" data-animationOffset=\"100%\"><div class=\"heading heading-with-icon icon-left\"><div class=\"icon\"><span style=\"height:42px;width:42px;line-height:22px;border-color:rgba(255,255,255,0);border-width:1px;border-style:solid;background-color:#f86011;box-sizing:content-box;border-radius:50%;\"><i style=\"border-color:#f86011;border-width:1px;background-color:#f86011;box-sizing:content-box;height:40px;width:40px;line-height:40px;border-radius:50%;position:relative;top:auto;left:auto;margin:0;border-radius:50%;color:#ffffff;font-size:20px;\" aria-hidden=\"true\" class=\"fontawesome-icon fa-eye fas circle-yes\"><\/i><\/span><\/div><h2 class=\"content-box-heading\" style=\"font-size:24px;line-height:29px;\">Com apropar la formaci\u00f3 professional a les empreses<\/h2><\/div><div class=\"fusion-clearfix\"><\/div><div class=\"content-container\" style=\"color:#000000;\">\n<p>Dilluns dia 16 de maig del 2022 la Sala d&#8217; Actes de la Cambra de Comer\u00e7 de Valls va acollir la jornada .\u00bb<strong>Com apropar la formaci\u00f3 professional a les empreses<\/strong>\u00ab. <strong>El director general de Formaci\u00f3 Professional de la Generalitat de Catalunya, el Sr. Angel Luis Miguel<\/strong>, va iniciar l&#8217;acte parlant de la formaci\u00f3 professional com a valor per les empreses, a partir de la nova llei d&#8217;FP. Miguel va destacar que \u00abs&#8217;ha de concebre la FP com a una resposta a les necessitats de les persones, el territori i les empreses, entitats i institucions. El director general ha assegurat que des del Departament d &#8216;Educaci\u00f3 fan el possible per a que la FP \u00ab<strong>sigui inclusiva i actui com a palanca de canvi i transformaci\u00f3<\/strong>\u00bb<\/p>\n<p>Tot seguit va tenir lloc la taula rodona \u00abLes empreses i la FP a l&#8217;\u00e0rea de la Cambra de Valls\u00bb, amb el director de la planta de <strong>FM Logistic<\/strong> a Valls i Puigpelat, el <strong>Sr. Oscar Reyes<\/strong>, el responsable de desenvolupament de persones de <strong>Essity Spain, el Sr. Pere-Marc Franquet<\/strong>, el director general de <strong>Canteras La Ponderosa, el Sr. Josep Rodr\u00edguez,<\/strong> i el l\u00edder de desenvolupament de la ind\u00fastria 4.0 a <strong>Kellogg&#8217;s, el Sr. Emili Angl\u00e8s<\/strong>.<\/p>\n<p>Tots van coincidir en la dificultat que tenen de trobar personal qualificat i amb talent, per incorporar a les seves empreses. Les empreses busquen captar perfils joves competents que tmguin ganes d&#8217;aprendre, d&#8217;implicar-se en la filosofia del negoci i que aportin idees innovadores i de producte que serveixin per cr\u00e9ixer.<\/p>\n<ul>\n<li><em>La jornada va servir per corroborar la falta de personal qualificat a les empreses.<\/em><\/li>\n<li><em>Durant la taula rodona tamb\u00e9 es va parlar de la necessitat d&#8217;incorporar el g\u00eanere femen\u00ed al sector industrial i de la import\u00e0ncia de les compet\u00eancies digitals i ling\u00fc\u00edstiques dins l&#8217;empresa.<\/em><\/li>\n<\/ul>\n<\/div><\/div><\/div><style type=\"text\/css\">\n\t\t\t\t\t\t.fusion-content-boxes-1 .fusion-content-box-hover .heading-link:hover .icon i.circle-yes,\n\t\t\t\t\t\t.fusion-content-boxes-1 .fusion-content-box-hover .link-area-box:hover .heading-link .icon i.circle-yes,\n\t\t\t\t\t\t.fusion-content-boxes-1 .fusion-content-box-hover .link-area-link-icon-hover .heading .icon i.circle-yes,\n\t\t\t\t\t\t.fusion-content-boxes-1 .fusion-content-box-hover .link-area-box-hover .heading .icon i.circle-yes {\n\t\t\t\t\t\t\tbackground-color: #f86011 !important;\n\t\t\t\t\t\t\tborder-color: #f86011 !important;\n\t\t\t\t\t\t}<\/style><div class=\"fusion-clearfix\"><\/div><\/div><div ><span class=\" fusion-imageframe imageframe-none imageframe-2 hover-type-none\" style=\"border-radius:8px;\"><img decoding=\"async\" width=\"1024\" height=\"768\" title=\"Post2\" src=\"https:\/\/www.emilioangles.com\/wp-content\/uploads\/2022\/08\/Post2-scaled.jpg\" data-orig-src=\"https:\/\/www.emilioangles.com\/wp-content\/uploads\/2022\/08\/Post2-1024x768.jpg\" class=\"lazyload img-responsive wp-image-4632\" srcset=\"data:image\/svg+xml,%3Csvg%20xmlns%3D%27http%3A%2F%2Fwww.w3.org%2F2000%2Fsvg%27%20width%3D%272560%27%20height%3D%271920%27%20viewBox%3D%270%200%202560%201920%27%3E%3Crect%20width%3D%272560%27%20height%3D%2731920%27%20fill-opacity%3D%220%22%2F%3E%3C%2Fsvg%3E\" data-srcset=\"https:\/\/www.emilioangles.com\/wp-content\/uploads\/2022\/08\/Post2-200x150.jpg 200w, https:\/\/www.emilioangles.com\/wp-content\/uploads\/2022\/08\/Post2-400x300.jpg 400w, https:\/\/www.emilioangles.com\/wp-content\/uploads\/2022\/08\/Post2-600x450.jpg 600w, https:\/\/www.emilioangles.com\/wp-content\/uploads\/2022\/08\/Post2-800x600.jpg 800w, https:\/\/www.emilioangles.com\/wp-content\/uploads\/2022\/08\/Post2-1200x900.jpg 1200w\" data-sizes=\"auto\" data-orig-sizes=\"(max-width: 640px) 100vw, 1024px\" \/><\/span><\/div><div class=\"fusion-sharing-box fusion-sharing-box-1\" style=\"background-color:#f4f4f6;margin-top:60px;\" data-title=\"\u201cLes empreses i la FP a l\u2019\u00e0rea de la Cambra de Valls\u201d\" data-description=\"Dilluns dia 16 de maig del 2022 la Sala d&#039; Actes de la Cambra de Comer\u00e7 de Valls va acollir la jornada .&quot;Com apropar la formaci\u00f3 professional a les empreses&quot;. El director general de Formaci\u00f3 Professional de la Generalitat de Catalunya, el Sr. Angel Luis Miguel, va iniciar l&#039;acte parlant de la formaci\u00f3 professional com\" data-link=\"https:\/\/www.emilioangles.com\/?p=4629\"><h4 class=\"tagline\" style=\"color:#000000;\">Share This Story, Choose Your Platform!<\/h4><div class=\"fusion-social-networks sharingbox-shortcode-icon-wrapper sharingbox-shortcode-icon-wrapper-1\"><span><a href=\"https:\/\/twitter.com\/share?text=%E2%80%9CLes%20empreses%20i%20la%20FP%20a%20l%E2%80%99%C3%A0rea%20de%20la%20Cambra%20de%20Valls%E2%80%9D&amp;url=https%3A%2F%2Fwww.emilioangles.com%2F%3Fp%3D4629\" target=\"_blank\" rel=\"noopener noreferrer\" title=\"Twitter\" aria-label=\"Twitter\" data-placement=\"top\" data-toggle=\"tooltip\" data-title=\"Twitter\"><i class=\"fusion-social-network-icon fusion-tooltip fusion-twitter fusion-icon-twitter\" style=\"color:#000000;\" aria-hidden=\"true\"><\/i><\/a><\/span><span><a href=\"https:\/\/www.linkedin.com\/shareArticle?mini=true&amp;url=https%3A%2F%2Fwww.emilioangles.com%2F%3Fp%3D4629&amp;title=%E2%80%9CLes%20empreses%20i%20la%20FP%20a%20l%E2%80%99%C3%A0rea%20de%20la%20Cambra%20de%20Valls%E2%80%9D&amp;summary=Dilluns%20dia%2016%20de%20maig%20del%202022%20la%20Sala%20d%26%2339%3B%20Actes%20de%20la%20Cambra%20de%20Comer%C3%A7%20de%20Valls%20va%20acollir%20la%20jornada%20.%26quot%3BCom%20apropar%20la%20formaci%C3%B3%20professional%20a%20les%20empreses%26quot%3B.%20El%20director%20general%20de%20Formaci%C3%B3%20Professional%20de%20la%20Generalitat%20de%20Catalunya%2C%20el%20Sr.%20Angel%20Luis%20Miguel%2C%20va%20iniciar%20l%26%2339%3Bacte%20parlant%20de%20la%20formaci%C3%B3%20professional%20com\" target=\"_blank\" rel=\"noopener noreferrer\" title=\"LinkedIn\" aria-label=\"LinkedIn\" data-placement=\"top\" data-toggle=\"tooltip\" data-title=\"LinkedIn\"><i class=\"fusion-social-network-icon fusion-tooltip fusion-linkedin fusion-icon-linkedin\" style=\"color:#000000;\" aria-hidden=\"true\"><\/i><\/a><\/span><span><a href=\"https:\/\/api.whatsapp.com\/send?text=https%3A%2F%2Fwww.emilioangles.com%2F%3Fp%3D4629\" target=\"_blank\" rel=\"noopener noreferrer\" title=\"WhatsApp\" aria-label=\"WhatsApp\" data-placement=\"top\" data-toggle=\"tooltip\" data-title=\"WhatsApp\"><i class=\"fusion-social-network-icon fusion-tooltip fusion-whatsapp fusion-icon-whatsapp\" style=\"color:#000000;\" aria-hidden=\"true\"><\/i><\/a><\/span><span><a href=\"mailto:?subject=%E2%80%9CLes%20empreses%20i%20la%20FP%20a%20l%E2%80%99%C3%A0rea%20de%20la%20Cambra%20de%20Valls%E2%80%9D&amp;body=https%3A%2F%2Fwww.emilioangles.com%2F%3Fp%3D4629\" target=\"_self\" title=\"Correo electr\u00f3nico\" aria-label=\"Correo electr\u00f3nico\" data-placement=\"top\" data-toggle=\"tooltip\" data-title=\"Correo electr\u00f3nico\"><i class=\"fusion-social-network-icon fusion-tooltip fusion-mail fusion-icon-mail\" style=\"color:#000000;\" aria-hidden=\"true\"><\/i><\/a><\/span><\/div><\/div><style type=\"text\/css\">.fusion-sharing-box-1 h4{margin-bottom:0 !important;}.fusion-sharing-box-1{flex-direction:row !important;border-color:#cccccc !important;}.sharingbox-shortcode-icon-wrapper-1 span.sharingbox-shortcode-icon-separator{border-color:#cccccc !important;border-right-width:0px !important;}@media only screen and (max-width:1024px){.fusion-sharing-box-1 h4{margin-right:0.5em !important;margin-bottom:0 !important;}.sharingbox-shortcode-icon-wrapper-1{width:auto !important;justify-content:flex-end !important;}.fusion-sharing-box-1{align-items:center !important;} }@media only screen and (max-width:640px){.fusion-sharing-box-1{flex-direction: column !important;align-items:center !important;}.fusion-sharing-box-1 h4{margin-bottom:revert !important;}.sharingbox-shortcode-icon-wrapper-1{width:100% !important;justify-content:space-between !important;} }<\/style><\/div><\/div><style type=\"text\/css\">.fusion-body .fusion-builder-column-0{width:100% !important;margin-top : 20px;margin-bottom : 20px;}.fusion-builder-column-0 > .fusion-column-wrapper {padding-top : 0px !important;padding-right : 0px !important;margin-right : 1.92%;padding-bottom : 0px !important;padding-left : 0px !important;margin-left : 1.92%;}@media only screen and (max-width:1024px) {.fusion-body .fusion-builder-column-0{width:100% !important;order : 0;}.fusion-builder-column-0 > .fusion-column-wrapper {margin-right : 1.92%;margin-left : 1.92%;}}@media only screen and (max-width:640px) {.fusion-body .fusion-builder-column-0{width:100% !important;order : 0;}.fusion-builder-column-0 > .fusion-column-wrapper {margin-right : 1.92%;margin-left : 1.92%;}}<\/style><\/div><style type=\"text\/css\">.fusion-body .fusion-flex-container.fusion-builder-row-1{ padding-top : 0px;margin-top : 0px;padding-right : 0px;padding-bottom : 0px;margin-bottom : 0px;padding-left : 0px;}<\/style><\/div>\n","protected":false},"excerpt":{"rendered":"","protected":false},"author":1,"featured_media":4638,"comment_status":"open","ping_status":"open","sticky":false,"template":"","format":"standard","meta":{"om_disable_all_campaigns":false,"_monsterinsights_skip_tracking":false,"_monsterinsights_sitenote_active":false,"_monsterinsights_sitenote_note":"","_monsterinsights_sitenote_category":0,"footnotes":""},"categories":[53],"tags":[97,69,5],"aioseo_notices":[],"_links":{"self":[{"href":"https:\/\/www.emilioangles.com\/index.php?rest_route=\/wp\/v2\/posts\/4629"}],"collection":[{"href":"https:\/\/www.emilioangles.com\/index.php?rest_route=\/wp\/v2\/posts"}],"about":[{"href":"https:\/\/www.emilioangles.com\/index.php?rest_route=\/wp\/v2\/types\/post"}],"author":[{"embeddable":true,"href":"https:\/\/www.emilioangles.com\/index.php?rest_route=\/wp\/v2\/users\/1"}],"replies":[{"embeddable":true,"href":"https:\/\/www.emilioangles.com\/index.php?rest_route=%2Fwp%2Fv2%2Fcomments&post=4629"}],"version-history":[{"count":6,"href":"https:\/\/www.emilioangles.com\/index.php?rest_route=\/wp\/v2\/posts\/4629\/revisions"}],"predecessor-version":[{"id":4642,"href":"https:\/\/www.emilioangles.com\/index.php?rest_route=\/wp\/v2\/posts\/4629\/revisions\/4642"}],"wp:featuredmedia":[{"embeddable":true,"href":"https:\/\/www.emilioangles.com\/index.php?rest_route=\/wp\/v2\/media\/4638"}],"wp:attachment":[{"href":"https:\/\/www.emilioangles.com\/index.php?rest_route=%2Fwp%2Fv2%2Fmedia&parent=4629"}],"wp:term":[{"taxonomy":"category","embeddable":true,"href":"https:\/\/www.emilioangles.com\/index.php?rest_route=%2Fwp%2Fv2%2Fcategories&post=4629"},{"taxonomy":"post_tag","embeddable":true,"href":"https:\/\/www.emilioangles.com\/index.php?rest_route=%2Fwp%2Fv2%2Ftags&post=4629"}],"curies":[{"name":"wp","href":"https:\/\/api.w.org\/{rel}","templated":true}]}}