{"id":4757,"date":"2023-07-16T18:31:45","date_gmt":"2023-07-16T18:31:45","guid":{"rendered":"https:\/\/www.emilioangles.com\/?p=4757"},"modified":"2023-07-16T18:34:36","modified_gmt":"2023-07-16T18:34:36","slug":"af2023-experiencia-industrial-fb-las-personas-en-el-centro-de-la-transformacion","status":"publish","type":"post","link":"https:\/\/www.emilioangles.com\/?p=4757","title":{"rendered":"AF2023: Experiencia industrial F&#038;B: Las personas en el centro de la #transformaci\u00f3n"},"content":{"rendered":"<div class=\"fusion-fullwidth fullwidth-box fusion-builder-row-1 fusion-flex-container nonhundred-percent-fullwidth non-hundred-percent-height-scrolling\" style=\"background-color: rgba(255,255,255,0);background-position: center center;background-repeat: no-repeat;border-width: 0px 0px 0px 0px;border-color:rgba(0,0,0,0.08);border-style:solid;\" ><div class=\"fusion-builder-row fusion-row fusion-flex-align-items-flex-start\" style=\"max-width:1372.8px;margin-left: calc(-4% \/ 2 );margin-right: calc(-4% \/ 2 );\"><div class=\"fusion-layout-column fusion_builder_column fusion-builder-column-0 fusion_builder_column_1_1 1_1 fusion-flex-column\"><div class=\"fusion-column-wrapper fusion-flex-justify-content-flex-start fusion-content-layout-column\" style=\"background-position:left top;background-repeat:no-repeat;-webkit-background-size:cover;-moz-background-size:cover;-o-background-size:cover;background-size:cover;padding: 0px 0px 0px 0px;\"><div ><span class=\" fusion-imageframe imageframe-none imageframe-1 hover-type-none\" style=\"border-radius:8px;\"><img decoding=\"async\" width=\"768\" height=\"1024\" title=\"WhatsApp Image 2023-04-18 at 10.57.12\" src=\"https:\/\/www.emilioangles.com\/wp-content\/uploads\/2023\/07\/WhatsApp-Image-2023-04-18-at-10.57.12.jpeg\" data-orig-src=\"https:\/\/www.emilioangles.com\/wp-content\/uploads\/2023\/07\/WhatsApp-Image-2023-04-18-at-10.57.12-768x1024.jpeg\" class=\"lazyload img-responsive wp-image-4762\" srcset=\"data:image\/svg+xml,%3Csvg%20xmlns%3D%27http%3A%2F%2Fwww.w3.org%2F2000%2Fsvg%27%20width%3D%271200%27%20height%3D%271600%27%20viewBox%3D%270%200%201200%201600%27%3E%3Crect%20width%3D%271200%27%20height%3D%2731600%27%20fill-opacity%3D%220%22%2F%3E%3C%2Fsvg%3E\" data-srcset=\"https:\/\/www.emilioangles.com\/wp-content\/uploads\/2023\/07\/WhatsApp-Image-2023-04-18-at-10.57.12-200x267.jpeg 200w, https:\/\/www.emilioangles.com\/wp-content\/uploads\/2023\/07\/WhatsApp-Image-2023-04-18-at-10.57.12-400x533.jpeg 400w, https:\/\/www.emilioangles.com\/wp-content\/uploads\/2023\/07\/WhatsApp-Image-2023-04-18-at-10.57.12-600x800.jpeg 600w, https:\/\/www.emilioangles.com\/wp-content\/uploads\/2023\/07\/WhatsApp-Image-2023-04-18-at-10.57.12-800x1067.jpeg 800w, https:\/\/www.emilioangles.com\/wp-content\/uploads\/2023\/07\/WhatsApp-Image-2023-04-18-at-10.57.12.jpeg 1200w\" data-sizes=\"auto\" data-orig-sizes=\"(max-width: 640px) 100vw, 768px\" \/><\/span><\/div><div class=\"fusion-text fusion-text-1\" style=\"transform:translate3d(0,0,0);\"><p>En esta edici\u00f3n de 2023 de Advanced Factories tuve la suerte de moderar las siguiente mesa redonda:<\/p>\n<h3><em><strong>Experiencia industrial F&amp;B: Las personas en el centro de la transformaci\u00f3n digital<\/strong><\/em><\/h3>\n<p>En esta sesi\u00f3n conocimos la experiencia de cambio en una destacada multinacional de <span class=\"hiddenSpellError\">F&amp;B<\/span>. El peso y balance de la\u00a0transformaci\u00f3n\u00a0digital dentro de una estrategia de mejora continua.\u00a0El necesario\u00a0engran\u00e9\u00a0con la cultura de la empresa y las personas.<\/p>\n<p><strong>Sr. Ruben Calvo Diez<\/strong><\/p>\n<p>Director de Excelencia Operativa Industrial para el mercado Ib\u00e9rico de Nestl\u00e9<\/p>\n<p><strong>Sr. Joan Juanola Brugu\u00e9s<\/strong><\/p>\n<p>L\u00edder Lean\/TPM &amp; Digital en la F\u00e1brica de caf\u00e9 de Girona, Nestl\u00e9<\/p>\n<\/div><div ><span class=\" fusion-imageframe imageframe-none imageframe-2 hover-type-none\" style=\"border-radius:8px;\"><img decoding=\"async\" width=\"1024\" height=\"510\" title=\"AF2023\" src=\"https:\/\/www.emilioangles.com\/wp-content\/uploads\/2023\/07\/AF2023.png\" data-orig-src=\"https:\/\/www.emilioangles.com\/wp-content\/uploads\/2023\/07\/AF2023-1024x510.png\" class=\"lazyload img-responsive wp-image-4760\" srcset=\"data:image\/svg+xml,%3Csvg%20xmlns%3D%27http%3A%2F%2Fwww.w3.org%2F2000%2Fsvg%27%20width%3D%271190%27%20height%3D%27593%27%20viewBox%3D%270%200%201190%20593%27%3E%3Crect%20width%3D%271190%27%20height%3D%273593%27%20fill-opacity%3D%220%22%2F%3E%3C%2Fsvg%3E\" data-srcset=\"https:\/\/www.emilioangles.com\/wp-content\/uploads\/2023\/07\/AF2023-200x100.png 200w, https:\/\/www.emilioangles.com\/wp-content\/uploads\/2023\/07\/AF2023-400x199.png 400w, https:\/\/www.emilioangles.com\/wp-content\/uploads\/2023\/07\/AF2023-600x299.png 600w, https:\/\/www.emilioangles.com\/wp-content\/uploads\/2023\/07\/AF2023-800x399.png 800w, https:\/\/www.emilioangles.com\/wp-content\/uploads\/2023\/07\/AF2023.png 1190w\" data-sizes=\"auto\" data-orig-sizes=\"(max-width: 640px) 100vw, 1024px\" \/><\/span><\/div><div class=\"fusion-sharing-box fusion-sharing-box-1\" style=\"background-color:#f4f4f6;margin-top:60px;\" data-title=\"AF2023: Experiencia industrial F&#038;B: Las personas en el centro de la #transformaci\u00f3n\" data-description=\"En esta edici\u00f3n de 2023 de Advanced Factories tuve la suerte de moderar las siguiente mesa redonda:\r\nExperiencia industrial F&amp;B: Las personas en el centro de la transformaci\u00f3n digital\r\nEn esta sesi\u00f3n conocimos la experiencia de cambio en una destacada multinacional de F&amp;B. El peso y balance de la\u00a0transformaci\u00f3n\u00a0digital dentro de una estrategia de mejora continua.\u00a0El\" data-link=\"https:\/\/www.emilioangles.com\/?p=4757\"><h4 class=\"tagline\" style=\"color:#000000;\">Comparte esta historia. Elige tu plataforma!!!<\/h4><div class=\"fusion-social-networks sharingbox-shortcode-icon-wrapper sharingbox-shortcode-icon-wrapper-1\"><span><a href=\"https:\/\/twitter.com\/share?text=AF2023%3A%20Experiencia%20industrial%20F%26B%3A%20Las%20personas%20en%20el%20centro%20de%20la%20%23transformaci%C3%B3n&amp;url=https%3A%2F%2Fwww.emilioangles.com%2F%3Fp%3D4757\" target=\"_blank\" rel=\"noopener noreferrer\" title=\"Twitter\" aria-label=\"Twitter\" data-placement=\"top\" data-toggle=\"tooltip\" data-title=\"Twitter\"><i class=\"fusion-social-network-icon fusion-tooltip fusion-twitter fusion-icon-twitter\" style=\"color:#000000;\" aria-hidden=\"true\"><\/i><\/a><\/span><span><a href=\"https:\/\/www.linkedin.com\/shareArticle?mini=true&amp;url=https%3A%2F%2Fwww.emilioangles.com%2F%3Fp%3D4757&amp;title=AF2023%3A%20Experiencia%20industrial%20F%26%23038%3BB%3A%20Las%20personas%20en%20el%20centro%20de%20la%20%23transformaci%C3%B3n&amp;summary=En%20esta%20edici%C3%B3n%20de%202023%20de%20Advanced%20Factories%20tuve%20la%20suerte%20de%20moderar%20las%20siguiente%20mesa%20redonda%3A%0D%0AExperiencia%20industrial%20F%26amp%3BB%3A%20Las%20personas%20en%20el%20centro%20de%20la%20transformaci%C3%B3n%20digital%0D%0AEn%20esta%20sesi%C3%B3n%20conocimos%20la%20experiencia%20de%20cambio%20en%20una%20destacada%20multinacional%20de%20F%26amp%3BB.%20El%20peso%20y%20balance%20de%20la%C2%A0transformaci%C3%B3n%C2%A0digital%20dentro%20de%20una%20estrategia%20de%20mejora%20continua.%C2%A0El\" target=\"_blank\" rel=\"noopener noreferrer\" title=\"LinkedIn\" aria-label=\"LinkedIn\" data-placement=\"top\" data-toggle=\"tooltip\" data-title=\"LinkedIn\"><i class=\"fusion-social-network-icon fusion-tooltip fusion-linkedin fusion-icon-linkedin\" style=\"color:#000000;\" aria-hidden=\"true\"><\/i><\/a><\/span><span><a href=\"https:\/\/api.whatsapp.com\/send?text=https%3A%2F%2Fwww.emilioangles.com%2F%3Fp%3D4757\" target=\"_blank\" rel=\"noopener noreferrer\" title=\"WhatsApp\" aria-label=\"WhatsApp\" data-placement=\"top\" data-toggle=\"tooltip\" data-title=\"WhatsApp\"><i class=\"fusion-social-network-icon fusion-tooltip fusion-whatsapp fusion-icon-whatsapp\" style=\"color:#000000;\" aria-hidden=\"true\"><\/i><\/a><\/span><span><a href=\"mailto:?subject=AF2023%3A%20Experiencia%20industrial%20F%26%23038%3BB%3A%20Las%20personas%20en%20el%20centro%20de%20la%20%23transformaci%C3%B3n&amp;body=https%3A%2F%2Fwww.emilioangles.com%2F%3Fp%3D4757\" target=\"_self\" title=\"Correo electr\u00f3nico\" aria-label=\"Correo electr\u00f3nico\" data-placement=\"top\" data-toggle=\"tooltip\" data-title=\"Correo electr\u00f3nico\"><i class=\"fusion-social-network-icon fusion-tooltip fusion-mail fusion-icon-mail\" style=\"color:#000000;\" aria-hidden=\"true\"><\/i><\/a><\/span><\/div><\/div><style type=\"text\/css\">.fusion-sharing-box-1 h4{margin-bottom:0 !important;}.fusion-sharing-box-1{flex-direction:row !important;border-color:#cccccc !important;}.sharingbox-shortcode-icon-wrapper-1 span.sharingbox-shortcode-icon-separator{border-color:#cccccc !important;border-right-width:0px !important;}@media only screen and (max-width:1024px){.fusion-sharing-box-1 h4{margin-right:0.5em !important;margin-bottom:0 !important;}.sharingbox-shortcode-icon-wrapper-1{width:auto !important;justify-content:flex-end !important;}.fusion-sharing-box-1{align-items:center !important;} }@media only screen and (max-width:640px){.fusion-sharing-box-1{flex-direction: column !important;align-items:center !important;}.fusion-sharing-box-1 h4{margin-bottom:revert !important;}.sharingbox-shortcode-icon-wrapper-1{width:100% !important;justify-content:space-between !important;} }<\/style><\/div><\/div><style type=\"text\/css\">.fusion-body .fusion-builder-column-0{width:100% !important;margin-top : 20px;margin-bottom : 20px;}.fusion-builder-column-0 > .fusion-column-wrapper {padding-top : 0px !important;padding-right : 0px !important;margin-right : 1.92%;padding-bottom : 0px !important;padding-left : 0px !important;margin-left : 1.92%;}@media only screen and (max-width:1024px) {.fusion-body .fusion-builder-column-0{width:100% !important;order : 0;}.fusion-builder-column-0 > .fusion-column-wrapper {margin-right : 1.92%;margin-left : 1.92%;}}@media only screen and (max-width:640px) {.fusion-body .fusion-builder-column-0{width:100% !important;order : 0;}.fusion-builder-column-0 > .fusion-column-wrapper {margin-right : 1.92%;margin-left : 1.92%;}}<\/style><\/div><style type=\"text\/css\">.fusion-body .fusion-flex-container.fusion-builder-row-1{ padding-top : 0px;margin-top : 0px;padding-right : 0px;padding-bottom : 0px;margin-bottom : 0px;padding-left : 0px;}<\/style><\/div>\n","protected":false},"excerpt":{"rendered":"","protected":false},"author":1,"featured_media":4758,"comment_status":"open","ping_status":"open","sticky":false,"template":"","format":"standard","meta":{"om_disable_all_campaigns":false,"_monsterinsights_skip_tracking":false,"_monsterinsights_sitenote_active":false,"_monsterinsights_sitenote_note":"","_monsterinsights_sitenote_category":0,"footnotes":""},"categories":[93],"tags":[69,5],"aioseo_notices":[],"_links":{"self":[{"href":"https:\/\/www.emilioangles.com\/index.php?rest_route=\/wp\/v2\/posts\/4757"}],"collection":[{"href":"https:\/\/www.emilioangles.com\/index.php?rest_route=\/wp\/v2\/posts"}],"about":[{"href":"https:\/\/www.emilioangles.com\/index.php?rest_route=\/wp\/v2\/types\/post"}],"author":[{"embeddable":true,"href":"https:\/\/www.emilioangles.com\/index.php?rest_route=\/wp\/v2\/users\/1"}],"replies":[{"embeddable":true,"href":"https:\/\/www.emilioangles.com\/index.php?rest_route=%2Fwp%2Fv2%2Fcomments&post=4757"}],"version-history":[{"count":2,"href":"https:\/\/www.emilioangles.com\/index.php?rest_route=\/wp\/v2\/posts\/4757\/revisions"}],"predecessor-version":[{"id":4765,"href":"https:\/\/www.emilioangles.com\/index.php?rest_route=\/wp\/v2\/posts\/4757\/revisions\/4765"}],"wp:featuredmedia":[{"embeddable":true,"href":"https:\/\/www.emilioangles.com\/index.php?rest_route=\/wp\/v2\/media\/4758"}],"wp:attachment":[{"href":"https:\/\/www.emilioangles.com\/index.php?rest_route=%2Fwp%2Fv2%2Fmedia&parent=4757"}],"wp:term":[{"taxonomy":"category","embeddable":true,"href":"https:\/\/www.emilioangles.com\/index.php?rest_route=%2Fwp%2Fv2%2Fcategories&post=4757"},{"taxonomy":"post_tag","embeddable":true,"href":"https:\/\/www.emilioangles.com\/index.php?rest_route=%2Fwp%2Fv2%2Ftags&post=4757"}],"curies":[{"name":"wp","href":"https:\/\/api.w.org\/{rel}","templated":true}]}}